{"id":6274,"date":"2016-04-28T15:52:53","date_gmt":"2016-04-28T13:52:53","guid":{"rendered":"https:\/\/dev.dignitas.bertastrasse1.ch\/news\/vi-konference-neuropsychiatrickeho-fora-praha-czechia-2\/"},"modified":"2016-04-28T15:52:53","modified_gmt":"2016-04-28T13:52:53","slug":"vi-konference-neuropsychiatrickeho-fora-praha-czechia-2","status":"publish","type":"news","link":"https:\/\/dev.dignitas.bertastrasse1.ch\/en\/news\/vi-konference-neuropsychiatrickeho-fora-praha-czechia-2\/","title":{"rendered":"VI. Konference Neuropsychiatrick\u00e9ho F\u00f3ra, Praha, Czechia"},"content":{"rendered":"<p><strong>VI. Konference Neuropsychiatrick\u00e9ho F\u00f3ra, Praha, Czechia<\/strong><\/p>\n<p><a href=\"https:\/\/dev.dignitas.bertastrasse1.ch\/images\/stories\/pdf\/diginpublic\/referat-neuropsychiatricke-forum-praha-28042016.pdf\" target=\"_blank\">Booklet to complement the speech of Dignitas (PDF)<\/a><\/p>\n<p><a href=\"http:\/\/npforum.eu\/neuropsychiatricke-forum\" target=\"_blank\">Website of the Neuropsychiatrick\u00e9 F\u00f3rum (Link)<\/a><\/p>\n<p><a href=\"http:\/\/www.rozhlas.cz\/radiozurnal\/dvacetminut\/_zprava\/1614217\" target=\"_blank\">Interview by Vojt\u011bch Berger Czech Radio \u010cesk\u00fd rozhlas, Radio\u017eurn\u00e1l (Link<\/a>)<\/p>\n","protected":false},"excerpt":{"rendered":"<p>VI. Konference Neuropsychiatrick\u00e9ho F\u00f3ra, Praha, Czechia Booklet to complement the speech of Dignitas (PDF) Website of the Neuropsychiatrick\u00e9 F\u00f3rum (Link) Interview by Vojt\u011bch Berger Czech Radio \u010cesk\u00fd rozhlas, Radio\u017eurn\u00e1l (Link)<\/p>\n","protected":false},"featured_media":0,"template":"","tags":[],"class_list":["post-6274","news","type-news","status-publish","hentry"],"acf":[],"_links":{"self":[{"href":"https:\/\/dev.dignitas.bertastrasse1.ch\/en\/wp-json\/wp\/v2\/news\/6274","targetHints":{"allow":["GET"]}}],"collection":[{"href":"https:\/\/dev.dignitas.bertastrasse1.ch\/en\/wp-json\/wp\/v2\/news"}],"about":[{"href":"https:\/\/dev.dignitas.bertastrasse1.ch\/en\/wp-json\/wp\/v2\/types\/news"}],"wp:attachment":[{"href":"https:\/\/dev.dignitas.bertastrasse1.ch\/en\/wp-json\/wp\/v2\/media?parent=6274"}],"wp:term":[{"taxonomy":"post_tag","embeddable":true,"href":"https:\/\/dev.dignitas.bertastrasse1.ch\/en\/wp-json\/wp\/v2\/tags?post=6274"}],"curies":[{"name":"wp","href":"https:\/\/api.w.org\/{rel}","templated":true}]}}