{"id":3835,"date":"2023-05-24T00:00:00","date_gmt":"2023-05-23T22:00:00","guid":{"rendered":"https:\/\/dev.dignitas.bertastrasse1.ch\/news\/la-liberte-de-choix-en\/"},"modified":"2024-06-17T15:59:56","modified_gmt":"2024-06-17T13:59:56","slug":"la-liberte-de-choix-en","status":"publish","type":"news","link":"https:\/\/dev.dignitas.bertastrasse1.ch\/fr\/news\/la-liberte-de-choix-en\/","title":{"rendered":"Newsletter de DIGNITAS : Articles sur la situation en France"},"content":{"rendered":"<div>\n<div>\n<p>24 May 2023<\/p>\n<p style=\"text-align: justify;\"><a href=\"\/index.php?option=com_content&amp;view=article&amp;id=167&amp;Itemid=220&amp;lang=fr\" target=\"_blank\" rel=\"noopener\">La libert\u00e9 de choix en fin de vie : un commentaire<\/a><\/p>\n<p style=\"text-align: justify;\"><a href=\"\/index.php?option=com_content&amp;view=article&amp;id=168&amp;Itemid=220&amp;lang=fr\" target=\"_blank\" rel=\"noopener\">D<span style=\"font-size: 85%;\">IGNITAS <\/span>d\u00e9cide de poursuivre les proc\u00e9dures judiciaires<\/a><\/p>\n<p style=\"text-align: justify;\"><a href=\"\/index.php?option=com_content&amp;view=article&amp;id=169&amp;Itemid=220&amp;lang=fr\" target=\"_blank\" rel=\"noopener\">Vers une nouvelle loi \u2013 mais laquelle ?<\/a><\/p>\n<\/div>\n<\/div>\n","protected":false},"excerpt":{"rendered":"<p>24 May 2023 La libert\u00e9 de choix en fin de vie : un commentaire DIGNITAS d\u00e9cide de poursuivre les proc\u00e9dures judiciaires Vers une nouvelle loi \u2013 mais laquelle ?<\/p>\n","protected":false},"featured_media":0,"template":"","tags":[],"class_list":["post-3835","news","type-news","status-publish","hentry"],"acf":[],"_links":{"self":[{"href":"https:\/\/dev.dignitas.bertastrasse1.ch\/fr\/wp-json\/wp\/v2\/news\/3835","targetHints":{"allow":["GET"]}}],"collection":[{"href":"https:\/\/dev.dignitas.bertastrasse1.ch\/fr\/wp-json\/wp\/v2\/news"}],"about":[{"href":"https:\/\/dev.dignitas.bertastrasse1.ch\/fr\/wp-json\/wp\/v2\/types\/news"}],"wp:attachment":[{"href":"https:\/\/dev.dignitas.bertastrasse1.ch\/fr\/wp-json\/wp\/v2\/media?parent=3835"}],"wp:term":[{"taxonomy":"post_tag","embeddable":true,"href":"https:\/\/dev.dignitas.bertastrasse1.ch\/fr\/wp-json\/wp\/v2\/tags?post=3835"}],"curies":[{"name":"wp","href":"https:\/\/api.w.org\/{rel}","templated":true}]}}