{"id":3842,"date":"2022-02-09T00:00:00","date_gmt":"2022-02-08T23:00:00","guid":{"rendered":"https:\/\/dev.dignitas.bertastrasse1.ch\/news\/communique-de-dignitas-bilan-2021\/"},"modified":"2024-06-18T12:08:31","modified_gmt":"2024-06-18T10:08:31","slug":"bilan-2021-et-perspectives-2022","status":"publish","type":"news","link":"https:\/\/dev.dignitas.bertastrasse1.ch\/fr\/news\/bilan-2021-et-perspectives-2022\/","title":{"rendered":"Bilan 2021 et perspectives 2022"},"content":{"rendered":"<div>\n<div>\n<p>9 f\u00e9vrier 2022<\/p>\n<p><strong><strong>Consolidation de l\u2019engagement\u00a0juridique international ;<br \/>\nla pr\u00e9vention des tentatives de suicide reste au c\u0153ur des activit\u00e9s de conseil<\/strong><\/strong><\/p>\n<p>En 2021, les activit\u00e9s juridiques que l\u2019association \u00e0 but non lucratif \u00ab\u00a0DIGNITAS \u2013 Vivre dignement \u2013 Mourir dignement \u00bb m\u00e8ne au niveau international ont \u00e9t\u00e9 continu\u00e9es et consolid\u00e9es. Dans le domaine op\u00e9rationnel, le conseil aux personnes en qu\u00eate d&rsquo;aide et la pr\u00e9vention des tentatives de suicide sont rest\u00e9s au c\u0153ur des activit\u00e9s de\u00a0DIGNITAS. En 2022, l&rsquo;association continuera \u00e0 s&rsquo;engager, en Suisse et sur le plan international, pour ses buts premiers : qualit\u00e9 de vie jusqu\u2019aux derniers instants, autod\u00e9termination, libert\u00e9 de choix, promotion de la responsabilit\u00e9 personnelle et de la pr\u00e9voyance.<\/p>\n<p style=\"text-align: justify;\"><a href=\"https:\/\/dev.dignitas.bertastrasse1.ch\/wp-content\/uploads\/images\/stories\/pdf\/medienmitteilung-09022022-f.pdf\" target=\"_blank\" rel=\"noopener\">Communiqu\u00e9 (pdf)<\/a><\/p>\n<\/div>\n<\/div>\n","protected":false},"excerpt":{"rendered":"<p>9 f\u00e9vrier 2022 Consolidation de l\u2019engagement\u00a0juridique international ; la pr\u00e9vention des tentatives de suicide reste au c\u0153ur des activit\u00e9s de conseil En 2021, les activit\u00e9s juridiques que l\u2019association \u00e0 but non lucratif \u00ab\u00a0DIGNITAS \u2013 Vivre dignement \u2013 Mourir dignement \u00bb m\u00e8ne au niveau international ont \u00e9t\u00e9 continu\u00e9es et consolid\u00e9es. Dans le domaine op\u00e9rationnel, le conseil [&hellip;]<\/p>\n","protected":false},"featured_media":0,"template":"","tags":[503],"class_list":["post-3842","news","type-news","status-publish","hentry","tag-communique-2"],"acf":[],"_links":{"self":[{"href":"https:\/\/dev.dignitas.bertastrasse1.ch\/fr\/wp-json\/wp\/v2\/news\/3842","targetHints":{"allow":["GET"]}}],"collection":[{"href":"https:\/\/dev.dignitas.bertastrasse1.ch\/fr\/wp-json\/wp\/v2\/news"}],"about":[{"href":"https:\/\/dev.dignitas.bertastrasse1.ch\/fr\/wp-json\/wp\/v2\/types\/news"}],"wp:attachment":[{"href":"https:\/\/dev.dignitas.bertastrasse1.ch\/fr\/wp-json\/wp\/v2\/media?parent=3842"}],"wp:term":[{"taxonomy":"post_tag","embeddable":true,"href":"https:\/\/dev.dignitas.bertastrasse1.ch\/fr\/wp-json\/wp\/v2\/tags?post=3842"}],"curies":[{"name":"wp","href":"https:\/\/api.w.org\/{rel}","templated":true}]}}