{"id":3850,"date":"2018-11-15T00:00:00","date_gmt":"2018-11-14T23:00:00","guid":{"rendered":"https:\/\/dev.dignitas.bertastrasse1.ch\/news\/communique-de-presse-de-dignitas-2\/"},"modified":"2018-11-15T00:00:00","modified_gmt":"2018-11-14T23:00:00","slug":"communique-de-presse-de-dignitas-2","status":"publish","type":"news","link":"https:\/\/dev.dignitas.bertastrasse1.ch\/fr\/news\/communique-de-presse-de-dignitas-2\/","title":{"rendered":"Communiqu\u00e9 de presse de DIGNITAS"},"content":{"rendered":"<div>\n<div>\n<p style=\"text-align: left;\">15 novembre 2018<\/p>\n<p style=\"text-align: left;\"><a href=\"https:\/\/dev.dignitas.bertastrasse1.ch\/wp-content\/uploads\/images\/stories\/pdf\/medienmitteilung-15112018.pdf\" target=\"_blank\" rel=\"noopener\"><strong>Communiqu\u00e9 de presse de D<span style=\"FONT-SIZE: 85%\">IGNITAS<\/span> &#8211; Vivre dignement &#8211; Mourir dignement<\/strong><\/a><\/p>\n<p style=\"text-align: justify;\">La Cour europ\u00e9enne des droits de l\u2019homme (CEDH) de Strasbourg est l\u2019une des principales juridictions garantes de la libert\u00e9 et du droit de l\u2019\u00eatre humain de choisir lui-m\u00eame la mani\u00e8re et le moment de mourir. C\u2019est pourquoi l\u2019association \u00abD<span style=\"FONT-SIZE: 85%\">IGNITAS<\/span> \u2013 Vivre dignement \u2013 Mourir dignement\u00bb dit NON \u00e0 la soi-disant \u00ab Initiative pour l\u2019autod\u00e9termination \u00bb. (<a href=\"https:\/\/dev.dignitas.bertastrasse1.ch\/wp-content\/uploads\/images\/stories\/pdf\/medienmitteilung-15112018.pdf\" target=\"_blank\" rel=\"noopener\">PDF<\/a>)<\/p>\n<\/div>\n<\/div>\n","protected":false},"excerpt":{"rendered":"<p>15 novembre 2018 Communiqu\u00e9 de presse de DIGNITAS &#8211; Vivre dignement &#8211; Mourir dignement La Cour europ\u00e9enne des droits de l\u2019homme (CEDH) de Strasbourg est l\u2019une des principales juridictions garantes de la libert\u00e9 et du droit de l\u2019\u00eatre humain de choisir lui-m\u00eame la mani\u00e8re et le moment de mourir. C\u2019est pourquoi l\u2019association \u00abDIGNITAS \u2013 Vivre [&hellip;]<\/p>\n","protected":false},"featured_media":0,"template":"","tags":[],"class_list":["post-3850","news","type-news","status-publish","hentry"],"acf":[],"_links":{"self":[{"href":"https:\/\/dev.dignitas.bertastrasse1.ch\/fr\/wp-json\/wp\/v2\/news\/3850","targetHints":{"allow":["GET"]}}],"collection":[{"href":"https:\/\/dev.dignitas.bertastrasse1.ch\/fr\/wp-json\/wp\/v2\/news"}],"about":[{"href":"https:\/\/dev.dignitas.bertastrasse1.ch\/fr\/wp-json\/wp\/v2\/types\/news"}],"wp:attachment":[{"href":"https:\/\/dev.dignitas.bertastrasse1.ch\/fr\/wp-json\/wp\/v2\/media?parent=3850"}],"wp:term":[{"taxonomy":"post_tag","embeddable":true,"href":"https:\/\/dev.dignitas.bertastrasse1.ch\/fr\/wp-json\/wp\/v2\/tags?post=3850"}],"curies":[{"name":"wp","href":"https:\/\/api.w.org\/{rel}","templated":true}]}}