{"id":3853,"date":"2017-02-03T00:00:00","date_gmt":"2017-02-02T23:00:00","guid":{"rendered":"https:\/\/dev.dignitas.bertastrasse1.ch\/news\/mourir-dans-la-dignite-a\/"},"modified":"2024-06-18T17:52:45","modified_gmt":"2024-06-18T15:52:45","slug":"mourir-dans-la-dignite-a","status":"publish","type":"news","link":"https:\/\/dev.dignitas.bertastrasse1.ch\/fr\/news\/mourir-dans-la-dignite-a\/","title":{"rendered":"Mourir dans la dignit\u00e9\u2026\u00e0 l\u2019\u00e9tranger"},"content":{"rendered":"<div>\n<div>\n<p style=\"text-align: left;\">3 f\u00e9vrier 2017<\/p>\n<p style=\"text-align: left;\"><span style=\"color: #000000;\">\u00ab\u00a0Je suis tellement en col\u00e8re, tellement! Une col\u00e8re que je ne peux exprimer qu\u2019en \u00e9crivant. \u00c9videmment, les personnes malades et handicap\u00e9es sont encore et seront pour longtemps consid\u00e9r\u00e9es comme des mineures incapables de d\u00e9cider seules. Je suis ext\u00e9nu\u00e9e. Par chance qu\u2019il me reste mon ind\u00e9pendance d\u2019esprit! Je le r\u00e9p\u00e8te, les \u00e9lus f\u00e9d\u00e9raux n\u2019ont aucune id\u00e9e de ce qu\u2019ils nous font vivre concernant l\u2019euthanasie et le suicide assist\u00e9; ils ont manqu\u00e9 de courage et fait passer leurs int\u00e9r\u00eats \u00e9lectoralistes avant tout . . .\u00a0\u00bb<\/span><\/p>\n<\/div>\n<\/div>\n<p><a href=\"https:\/\/dev.dignitas.bertastrasse1.ch\/wp-content\/uploads\/images\/stories\/pdf\/artikel-mourir-dans-la-dignite.pdf\" target=\"_blank\" rel=\"noopener\">Article par Monique Hamel Ph. D. p\u00e9dagogue, auteure et chercheure (pdf)<\/a><\/p>\n","protected":false},"excerpt":{"rendered":"<p>3 f\u00e9vrier 2017 \u00ab\u00a0Je suis tellement en col\u00e8re, tellement! Une col\u00e8re que je ne peux exprimer qu\u2019en \u00e9crivant. \u00c9videmment, les personnes malades et handicap\u00e9es sont encore et seront pour longtemps consid\u00e9r\u00e9es comme des mineures incapables de d\u00e9cider seules. Je suis ext\u00e9nu\u00e9e. Par chance qu\u2019il me reste mon ind\u00e9pendance d\u2019esprit! Je le r\u00e9p\u00e8te, les \u00e9lus f\u00e9d\u00e9raux [&hellip;]<\/p>\n","protected":false},"featured_media":0,"template":"","tags":[],"class_list":["post-3853","news","type-news","status-publish","hentry"],"acf":[],"_links":{"self":[{"href":"https:\/\/dev.dignitas.bertastrasse1.ch\/fr\/wp-json\/wp\/v2\/news\/3853","targetHints":{"allow":["GET"]}}],"collection":[{"href":"https:\/\/dev.dignitas.bertastrasse1.ch\/fr\/wp-json\/wp\/v2\/news"}],"about":[{"href":"https:\/\/dev.dignitas.bertastrasse1.ch\/fr\/wp-json\/wp\/v2\/types\/news"}],"wp:attachment":[{"href":"https:\/\/dev.dignitas.bertastrasse1.ch\/fr\/wp-json\/wp\/v2\/media?parent=3853"}],"wp:term":[{"taxonomy":"post_tag","embeddable":true,"href":"https:\/\/dev.dignitas.bertastrasse1.ch\/fr\/wp-json\/wp\/v2\/tags?post=3853"}],"curies":[{"name":"wp","href":"https:\/\/api.w.org\/{rel}","templated":true}]}}