{"id":3855,"date":"2015-09-12T00:00:00","date_gmt":"2015-09-11T22:00:00","guid":{"rendered":"https:\/\/dev.dignitas.bertastrasse1.ch\/news\/en-suisse-les-soins-palliatifs\/"},"modified":"2024-06-18T17:58:50","modified_gmt":"2024-06-18T15:58:50","slug":"en-suisse-les-soins-palliatifs","status":"publish","type":"news","link":"https:\/\/dev.dignitas.bertastrasse1.ch\/fr\/news\/en-suisse-les-soins-palliatifs\/","title":{"rendered":"Discours de Dignitas \u00e0 la 35\u00e8me assembl\u00e9e g\u00e9n\u00e9rale de l\u2019ADMD France"},"content":{"rendered":"<div>\n<div>\n<p style=\"text-align: left;\">12 septembre 2015<\/p>\n<p style=\"text-align: left;\"><a href=\"https:\/\/dev.dignitas.bertastrasse1.ch\/wp-content\/uploads\/images\/stories\/pdf\/diginpublic\/referat-35assembleadmd-12092015.pdf\" target=\"_blank\" rel=\"noopener\">\u00abEn Suisse, les soins palliatifs, la pr\u00e9vention des tentatives au suicide, les dir-<br \/>\nectives anticip\u00e9es et la possibilit\u00e9 d\u2019un suicide accompagn\u00e9e vont ensemble\u00bb<\/a><\/p>\n<p style=\"text-align: left;\">Discours de Sandra Martino \u00e0 la 35\u00e8me assembl\u00e9e g\u00e9n\u00e9rale de l\u2019ADMD France<\/p>\n<\/div>\n<\/div>\n","protected":false},"excerpt":{"rendered":"<p>12 septembre 2015 \u00abEn Suisse, les soins palliatifs, la pr\u00e9vention des tentatives au suicide, les dir- ectives anticip\u00e9es et la possibilit\u00e9 d\u2019un suicide accompagn\u00e9e vont ensemble\u00bb Discours de Sandra Martino \u00e0 la 35\u00e8me assembl\u00e9e g\u00e9n\u00e9rale de l\u2019ADMD France<\/p>\n","protected":false},"featured_media":0,"template":"","tags":[],"class_list":["post-3855","news","type-news","status-publish","hentry"],"acf":[],"_links":{"self":[{"href":"https:\/\/dev.dignitas.bertastrasse1.ch\/fr\/wp-json\/wp\/v2\/news\/3855","targetHints":{"allow":["GET"]}}],"collection":[{"href":"https:\/\/dev.dignitas.bertastrasse1.ch\/fr\/wp-json\/wp\/v2\/news"}],"about":[{"href":"https:\/\/dev.dignitas.bertastrasse1.ch\/fr\/wp-json\/wp\/v2\/types\/news"}],"wp:attachment":[{"href":"https:\/\/dev.dignitas.bertastrasse1.ch\/fr\/wp-json\/wp\/v2\/media?parent=3855"}],"wp:term":[{"taxonomy":"post_tag","embeddable":true,"href":"https:\/\/dev.dignitas.bertastrasse1.ch\/fr\/wp-json\/wp\/v2\/tags?post=3855"}],"curies":[{"name":"wp","href":"https:\/\/api.w.org\/{rel}","templated":true}]}}