{"id":3860,"date":"2013-06-26T00:00:00","date_gmt":"2013-06-25T22:00:00","guid":{"rendered":"https:\/\/dev.dignitas.bertastrasse1.ch\/news\/la-population-europeenne-demande-le\/"},"modified":"2024-06-18T18:20:35","modified_gmt":"2024-06-18T16:20:35","slug":"la-population-europeenne-demande-le","status":"publish","type":"news","link":"https:\/\/dev.dignitas.bertastrasse1.ch\/fr\/news\/la-population-europeenne-demande-le\/","title":{"rendered":"\u00abLa population europ\u00e9enne demande le droit \u00e0 l\u2019autod\u00e9termination en fin de vie\u00bb"},"content":{"rendered":"<div>\n<div>\n<p style=\"text-align: left;\">26 Juin 2013<\/p>\n<p style=\"text-align: left;\">Article (r\u00e9sum\u00e9) dans le Bulletin des m\u00e9decins suisse 2013;26 (<a href=\"http:\/\/www.saez.ch\/docs\/saez\/2013\/26\/de\/saez-01520.pdf\" target=\"_blank\" rel=\"noopener\">liens\/pdf)<\/a><\/p>\n<\/div>\n<\/div>\n","protected":false},"excerpt":{"rendered":"<p>26 Juin 2013 Article (r\u00e9sum\u00e9) dans le Bulletin des m\u00e9decins suisse 2013;26 (liens\/pdf)<\/p>\n","protected":false},"featured_media":0,"template":"","tags":[],"class_list":["post-3860","news","type-news","status-publish","hentry"],"acf":[],"_links":{"self":[{"href":"https:\/\/dev.dignitas.bertastrasse1.ch\/fr\/wp-json\/wp\/v2\/news\/3860","targetHints":{"allow":["GET"]}}],"collection":[{"href":"https:\/\/dev.dignitas.bertastrasse1.ch\/fr\/wp-json\/wp\/v2\/news"}],"about":[{"href":"https:\/\/dev.dignitas.bertastrasse1.ch\/fr\/wp-json\/wp\/v2\/types\/news"}],"wp:attachment":[{"href":"https:\/\/dev.dignitas.bertastrasse1.ch\/fr\/wp-json\/wp\/v2\/media?parent=3860"}],"wp:term":[{"taxonomy":"post_tag","embeddable":true,"href":"https:\/\/dev.dignitas.bertastrasse1.ch\/fr\/wp-json\/wp\/v2\/tags?post=3860"}],"curies":[{"name":"wp","href":"https:\/\/api.w.org\/{rel}","templated":true}]}}