{"id":3861,"date":"2012-11-01T00:00:00","date_gmt":"2012-10-31T23:00:00","guid":{"rendered":"https:\/\/dev.dignitas.bertastrasse1.ch\/news\/site-internet-de-smla\/"},"modified":"2024-06-18T18:23:08","modified_gmt":"2024-06-18T16:23:08","slug":"sondage-suisse-isopublic-sur-lautodetermination-en-fin-de-vie-vue-par-les-europeens","status":"publish","type":"news","link":"https:\/\/dev.dignitas.bertastrasse1.ch\/fr\/news\/sondage-suisse-isopublic-sur-lautodetermination-en-fin-de-vie-vue-par-les-europeens\/","title":{"rendered":"Sondage suisse ISOPUBLIC, sur l\u2019autod\u00e9termination en fin de vie vue par les Europ\u00e9ens"},"content":{"rendered":"<div>\n<div>\n<p style=\"text-align: left;\">1 novembre 2012<\/p>\n<p style=\"text-align: justify;\"><a href=\"http:\/\/www.medizinalrecht.org\/index.php?id=16\" target=\"_blank\" rel=\"noopener\">La F\u00e9d\u00e9ration des Avocats du Droit M\u00e9dical Suisse (SMLA)<\/a> a command\u00e9e une enqu\u00eate en ligne, effectu\u00e9e dans douze pays d&rsquo;Europe par l\u2019institut de sondage suisse ISOPUBLIC, sur l\u2019autod\u00e9termination en fin de vie vue par les Europ\u00e9ens.<\/p>\n<p style=\"text-align: left;\"><a href=\"http:\/\/www.medizinalrecht.org\/wp-content\/uploads\/2013\/03\/Resultats_de_sondages_autodetermination_a_la_fin_de_vie.pdf\" target=\"_blank\" rel=\"noopener\">R\u00e9sultats du sondage (pdf)<\/a><\/p>\n<\/div>\n<\/div>\n","protected":false},"excerpt":{"rendered":"<p>1 novembre 2012 La F\u00e9d\u00e9ration des Avocats du Droit M\u00e9dical Suisse (SMLA) a command\u00e9e une enqu\u00eate en ligne, effectu\u00e9e dans douze pays d&rsquo;Europe par l\u2019institut de sondage suisse ISOPUBLIC, sur l\u2019autod\u00e9termination en fin de vie vue par les Europ\u00e9ens. R\u00e9sultats du sondage (pdf)<\/p>\n","protected":false},"featured_media":0,"template":"","tags":[503],"class_list":["post-3861","news","type-news","status-publish","hentry","tag-communique-2"],"acf":[],"_links":{"self":[{"href":"https:\/\/dev.dignitas.bertastrasse1.ch\/fr\/wp-json\/wp\/v2\/news\/3861","targetHints":{"allow":["GET"]}}],"collection":[{"href":"https:\/\/dev.dignitas.bertastrasse1.ch\/fr\/wp-json\/wp\/v2\/news"}],"about":[{"href":"https:\/\/dev.dignitas.bertastrasse1.ch\/fr\/wp-json\/wp\/v2\/types\/news"}],"wp:attachment":[{"href":"https:\/\/dev.dignitas.bertastrasse1.ch\/fr\/wp-json\/wp\/v2\/media?parent=3861"}],"wp:term":[{"taxonomy":"post_tag","embeddable":true,"href":"https:\/\/dev.dignitas.bertastrasse1.ch\/fr\/wp-json\/wp\/v2\/tags?post=3861"}],"curies":[{"name":"wp","href":"https:\/\/api.w.org\/{rel}","templated":true}]}}