{"id":3862,"date":"2011-12-12T00:00:00","date_gmt":"2011-12-11T23:00:00","guid":{"rendered":"https:\/\/dev.dignitas.bertastrasse1.ch\/news\/le-reportage-dignitas-la\/"},"modified":"2024-06-18T18:25:38","modified_gmt":"2024-06-18T16:25:38","slug":"le-reportage-dignitas-la","status":"publish","type":"news","link":"https:\/\/dev.dignitas.bertastrasse1.ch\/fr\/news\/le-reportage-dignitas-la\/","title":{"rendered":"Reportage : \u00ab Dignitas \u2013 la mort sur ordonnance \u00bb"},"content":{"rendered":"<div>\n<div>\n<p style=\"text-align: left;\">12\u00a0d\u00e9cembre 2011<\/p>\n<p style=\"text-align: left;\">Le reportage \u00abDignitas \u2013 la mort sur ordonnance\u00bb par TSR T\u00e9l\u00e9vision Suisse Romand, magazine de reportages Temps Pr\u00e9sent, sur l\u2019assistance au suicide et Dignitas, a obtenu un Prix international (cat\u00e9gorie documentaire) au Festival Europ\u00e9en du Journalisme \u00e0 Lille <a title=\"blocked::http:\/\/www.festivalscoop.com\/\" href=\"http:\/\/www.festivalscoop.com\/\" target=\"_blank\" rel=\"noopener\">www.festivalscoop.com<\/a> liens \u00abPalmar\u00e8s\u00bb<\/p>\n<p style=\"text-align: left;\"><a href=\"http:\/\/www.rts.ch\/emissions\/temps-present\/sante\/2867405-dignitas-la-mort-sur-ordonnance.html\" target=\"_blank\" rel=\"noopener\">Lien au portal du vid\u00e9o de TSR<\/a><\/p>\n<\/div>\n<\/div>\n","protected":false},"excerpt":{"rendered":"<p>12\u00a0d\u00e9cembre 2011 Le reportage \u00abDignitas \u2013 la mort sur ordonnance\u00bb par TSR T\u00e9l\u00e9vision Suisse Romand, magazine de reportages Temps Pr\u00e9sent, sur l\u2019assistance au suicide et Dignitas, a obtenu un Prix international (cat\u00e9gorie documentaire) au Festival Europ\u00e9en du Journalisme \u00e0 Lille www.festivalscoop.com liens \u00abPalmar\u00e8s\u00bb Lien au portal du vid\u00e9o de TSR<\/p>\n","protected":false},"featured_media":0,"template":"","tags":[],"class_list":["post-3862","news","type-news","status-publish","hentry"],"acf":[],"_links":{"self":[{"href":"https:\/\/dev.dignitas.bertastrasse1.ch\/fr\/wp-json\/wp\/v2\/news\/3862","targetHints":{"allow":["GET"]}}],"collection":[{"href":"https:\/\/dev.dignitas.bertastrasse1.ch\/fr\/wp-json\/wp\/v2\/news"}],"about":[{"href":"https:\/\/dev.dignitas.bertastrasse1.ch\/fr\/wp-json\/wp\/v2\/types\/news"}],"wp:attachment":[{"href":"https:\/\/dev.dignitas.bertastrasse1.ch\/fr\/wp-json\/wp\/v2\/media?parent=3862"}],"wp:term":[{"taxonomy":"post_tag","embeddable":true,"href":"https:\/\/dev.dignitas.bertastrasse1.ch\/fr\/wp-json\/wp\/v2\/tags?post=3862"}],"curies":[{"name":"wp","href":"https:\/\/api.w.org\/{rel}","templated":true}]}}