{"id":6311,"date":"2022-02-28T15:53:35","date_gmt":"2022-02-28T14:53:35","guid":{"rendered":"https:\/\/dev.dignitas.bertastrasse1.ch\/news\/soin-choix-et-dispositions-permettant-dassurer-la-qualite-de-vie-jusquau-bout-incluant-le-modele-suisse-de-la-mort-volontaire-accompagne-avec-assistance-medicale-et\/"},"modified":"2022-02-28T15:53:35","modified_gmt":"2022-02-28T14:53:35","slug":"soin-choix-et-dispositions-permettant-dassurer-la-qualite-de-vie-jusquau-bout-incluant-le-modele-suisse-de-la-mort-volontaire-accompagne-avec-assistance-medicale-et","status":"publish","type":"news","link":"https:\/\/dev.dignitas.bertastrasse1.ch\/fr\/news\/soin-choix-et-dispositions-permettant-dassurer-la-qualite-de-vie-jusquau-bout-incluant-le-modele-suisse-de-la-mort-volontaire-accompagne-avec-assistance-medicale-et\/","title":{"rendered":"\u00abSoin, choix et dispositions permettant d\u2019assurer la qualit\u00e9 de vie jusqu\u2019au bout \u2013 incluant le mod\u00e8le suisse de la mort volontaire accompagn\u00e9 avec assistance m\u00e9dicale et l\u2019approche de Dignitas\u00bb"},"content":{"rendered":"<p><a href=\"https:\/\/dev.dignitas.bertastrasse1.ch\/images\/stories\/pdf\/diginpublic\/referat-ceff-28022022.pdf\" target=\"_blank\"><strong>\u00abSoin, choix et dispositions permettant d\u2019assurer la qualit\u00e9 de vie jusqu\u2019au bout \u2013 incluant le mod\u00e8le suisse de la mort volontaire accompagn\u00e9 avec assistance m\u00e9dicale et l\u2019approche de Dignitas\u00bb<\/strong><\/a><\/p>\n<p>Expos\u00e9 \u00e0 ceff  Centre de formation professionnelle Berne francophone, St. Imier (pdf)<\/p>\n","protected":false},"excerpt":{"rendered":"<p>\u00abSoin, choix et dispositions permettant d\u2019assurer la qualit\u00e9 de vie jusqu\u2019au bout \u2013 incluant le mod\u00e8le suisse de la mort volontaire accompagn\u00e9 avec assistance m\u00e9dicale et l\u2019approche de Dignitas\u00bb Expos\u00e9 \u00e0 ceff Centre de formation professionnelle Berne francophone, St. Imier (pdf)<\/p>\n","protected":false},"featured_media":0,"template":"","tags":[],"class_list":["post-6311","news","type-news","status-publish","hentry"],"acf":[],"_links":{"self":[{"href":"https:\/\/dev.dignitas.bertastrasse1.ch\/fr\/wp-json\/wp\/v2\/news\/6311","targetHints":{"allow":["GET"]}}],"collection":[{"href":"https:\/\/dev.dignitas.bertastrasse1.ch\/fr\/wp-json\/wp\/v2\/news"}],"about":[{"href":"https:\/\/dev.dignitas.bertastrasse1.ch\/fr\/wp-json\/wp\/v2\/types\/news"}],"wp:attachment":[{"href":"https:\/\/dev.dignitas.bertastrasse1.ch\/fr\/wp-json\/wp\/v2\/media?parent=6311"}],"wp:term":[{"taxonomy":"post_tag","embeddable":true,"href":"https:\/\/dev.dignitas.bertastrasse1.ch\/fr\/wp-json\/wp\/v2\/tags?post=6311"}],"curies":[{"name":"wp","href":"https:\/\/api.w.org\/{rel}","templated":true}]}}