{"id":6312,"date":"2022-02-09T15:53:35","date_gmt":"2022-02-09T14:53:35","guid":{"rendered":"https:\/\/dev.dignitas.bertastrasse1.ch\/news\/communique-de-dignitas-bilan-2021-et-perspectives-2022consolidation-de-lengagement-juridique-international-la-prevention-des-tentatives-de-suicide-reste-au-coeur-des-activites-de-conse\/"},"modified":"2022-02-09T15:53:35","modified_gmt":"2022-02-09T14:53:35","slug":"communique-de-dignitas-bilan-2021-et-perspectives-2022consolidation-de-lengagement-juridique-international-la-prevention-des-tentatives-de-suicide-reste-au-coeur-des-activites-de-conse","status":"publish","type":"news","link":"https:\/\/dev.dignitas.bertastrasse1.ch\/fr\/news\/communique-de-dignitas-bilan-2021-et-perspectives-2022consolidation-de-lengagement-juridique-international-la-prevention-des-tentatives-de-suicide-reste-au-coeur-des-activites-de-conse\/","title":{"rendered":"Communiqu\u00e9 de Dignitas : Bilan 2021 et perspectives 2022\r\nConsolidation de l\u2019engagement juridique international ;\r\nla pr\u00e9vention des tentatives de suicide reste au c\u0153ur des activit\u00e9s de conseil"},"content":{"rendered":"<p><strong><a href=\"https:\/\/dev.dignitas.bertastrasse1.ch\/images\/stories\/pdf\/medienmitteilung-09022022-f.pdf\" target=\"_blank\"><strong>Communiqu\u00e9 de Dignitas : Bilan 2021 et perspectives 2022<br \/>Consolidation de l\u2019engagement juridique international ;<br \/>la pr\u00e9vention des tentatives de suicide reste au c\u0153ur des activit\u00e9s de conseil<\/strong><\/a><\/strong><\/p>\n<p style=\"text-align: justify\">En 2021, les activit\u00e9s juridiques que l\u2019association \u00e0 but non lucratif \u00ab Dignitas \u2013 Vivre dignement \u2013 Mourir dignement \u00bb m\u00e8ne au niveau international ont \u00e9t\u00e9 continu\u00e9es et consolid\u00e9es. Dans le domaine op\u00e9rationnel, le conseil aux personnes en qu\u00eate d&rsquo;aide et la pr\u00e9vention des tentatives de suicide sont rest\u00e9s au c\u0153ur des activit\u00e9s de Dignitas. En 2022, l&rsquo;association continuera \u00e0 s&rsquo;engager, en Suisse et sur le plan international, pour ses buts premiers : qualit\u00e9 de vie jusqu\u2019aux derniers instants, autod\u00e9termination, libert\u00e9 de choix, promotion de la responsabilit\u00e9 personnelle et de la pr\u00e9voyance. (<a href=\"https:\/\/dev.dignitas.bertastrasse1.ch\/images\/stories\/pdf\/medienmitteilung-09022022-f.pdf\" target=\"_blank\">PDF<\/a>)<\/p>\n","protected":false},"excerpt":{"rendered":"<p>Communiqu\u00e9 de Dignitas : Bilan 2021 et perspectives 2022Consolidation de l\u2019engagement juridique international ;la pr\u00e9vention des tentatives de suicide reste au c\u0153ur des activit\u00e9s de conseil En 2021, les activit\u00e9s juridiques que l\u2019association \u00e0 but non lucratif \u00ab Dignitas \u2013 Vivre dignement \u2013 Mourir dignement \u00bb m\u00e8ne au niveau international ont \u00e9t\u00e9 continu\u00e9es et consolid\u00e9es. [&hellip;]<\/p>\n","protected":false},"featured_media":0,"template":"","tags":[],"class_list":["post-6312","news","type-news","status-publish","hentry"],"acf":[],"_links":{"self":[{"href":"https:\/\/dev.dignitas.bertastrasse1.ch\/fr\/wp-json\/wp\/v2\/news\/6312","targetHints":{"allow":["GET"]}}],"collection":[{"href":"https:\/\/dev.dignitas.bertastrasse1.ch\/fr\/wp-json\/wp\/v2\/news"}],"about":[{"href":"https:\/\/dev.dignitas.bertastrasse1.ch\/fr\/wp-json\/wp\/v2\/types\/news"}],"wp:attachment":[{"href":"https:\/\/dev.dignitas.bertastrasse1.ch\/fr\/wp-json\/wp\/v2\/media?parent=6312"}],"wp:term":[{"taxonomy":"post_tag","embeddable":true,"href":"https:\/\/dev.dignitas.bertastrasse1.ch\/fr\/wp-json\/wp\/v2\/tags?post=6312"}],"curies":[{"name":"wp","href":"https:\/\/api.w.org\/{rel}","templated":true}]}}