{"id":6319,"date":"2020-10-01T15:53:35","date_gmt":"2020-10-01T13:53:35","guid":{"rendered":"https:\/\/dev.dignitas.bertastrasse1.ch\/news\/a-la-mi-septembre-2020-une-double-petition-lancee-il-y-a-quelques-annees-sur-la-plateforme-en-ligne-pour-la-legalisation-et-lntroduction-dune-loi-pour-leuthanasie-a-atteint-500-000-signatures\/"},"modified":"2020-10-01T15:53:35","modified_gmt":"2020-10-01T13:53:35","slug":"a-la-mi-septembre-2020-une-double-petition-lancee-il-y-a-quelques-annees-sur-la-plateforme-en-ligne-pour-la-legalisation-et-lntroduction-dune-loi-pour-leuthanasie-a-atteint-500-000-signatures","status":"publish","type":"news","link":"https:\/\/dev.dignitas.bertastrasse1.ch\/fr\/news\/a-la-mi-septembre-2020-une-double-petition-lancee-il-y-a-quelques-annees-sur-la-plateforme-en-ligne-pour-la-legalisation-et-lntroduction-dune-loi-pour-leuthanasie-a-atteint-500-000-signatures\/","title":{"rendered":"\u00c0 la mi-septembre 2020, une double p\u00e9tition lanc\u00e9e il y a quelques ann\u00e9es sur la plateforme en ligne pour la l\u00e9galisation et l&rsquo;ntroduction d&rsquo;une loi pour l&rsquo;euthanasie a atteint 500 000 signatures. Elle va \u00eatre soumise au Conseil \u00e9conomique, social et environnemental (CESE), qui s\u2019occupe aussi de questions de fin de vie.\r\nMais cela fera-t-il bouger les choses?\r\nL&rsquo;article \u00abLa libre d\u00e9cision en fin de vie: tactiques de dissuasion et politique \u00e9loign\u00e9e des citoyens\u00bb dans la lettre d\u2019information actuelle de DIGNITAS traite de l&rsquo;inertie de la politique fran\u00e7aise face aux questions de fin de vie."},"content":{"rendered":"<p style=\"text-align: justify\">\u00c0 la mi-septembre 2020, une double p\u00e9tition lanc\u00e9e il y a quelques ann\u00e9es sur la plateforme en ligne pour la <a href=\"https:\/\/www.change.org\/p\/pour-une-loi-sur-le-suicide-assist%C3%A9-en-france-findevie\" target=\"_blank\">l\u00e9galisation<\/a> et <a href=\"https:\/\/www.change.org\/p\/battons-nous-pour-obtenir-une-loi-sur-l-aide-active-%C3%A0-mourir\" target=\"_blank\">l&rsquo;ntroduction d&rsquo;une loi<\/a> pour l&rsquo;euthanasie a atteint 500 000 signatures. Elle va \u00eatre soumise au Conseil \u00e9conomique, social et environnemental (CESE), qui s\u2019occupe aussi de questions de fin de vie.<br \/>Mais cela fera-t-il bouger les choses?<br \/>L&rsquo;article \u00ab<a href=\"\/index.php?option=com_content&amp;view=article&amp;id=137&amp;Itemid=220&amp;lang=fr\" target=\"_blank\">La libre d\u00e9cision en fin de vie: tactiques de dissuasion et politique \u00e9loign\u00e9e des citoyens<\/a>\u00bb dans la lettre d\u2019information actuelle de DIGNITAS traite de l&rsquo;inertie de la politique fran\u00e7aise face aux questions de fin de vie.<\/p>\n","protected":false},"excerpt":{"rendered":"<p>\u00c0 la mi-septembre 2020, une double p\u00e9tition lanc\u00e9e il y a quelques ann\u00e9es sur la plateforme en ligne pour la l\u00e9galisation et l&rsquo;ntroduction d&rsquo;une loi pour l&rsquo;euthanasie a atteint 500 000 signatures. Elle va \u00eatre soumise au Conseil \u00e9conomique, social et environnemental (CESE), qui s\u2019occupe aussi de questions de fin de vie.Mais cela fera-t-il bouger [&hellip;]<\/p>\n","protected":false},"featured_media":0,"template":"","tags":[],"class_list":["post-6319","news","type-news","status-publish","hentry"],"acf":[],"_links":{"self":[{"href":"https:\/\/dev.dignitas.bertastrasse1.ch\/fr\/wp-json\/wp\/v2\/news\/6319","targetHints":{"allow":["GET"]}}],"collection":[{"href":"https:\/\/dev.dignitas.bertastrasse1.ch\/fr\/wp-json\/wp\/v2\/news"}],"about":[{"href":"https:\/\/dev.dignitas.bertastrasse1.ch\/fr\/wp-json\/wp\/v2\/types\/news"}],"wp:attachment":[{"href":"https:\/\/dev.dignitas.bertastrasse1.ch\/fr\/wp-json\/wp\/v2\/media?parent=6319"}],"wp:term":[{"taxonomy":"post_tag","embeddable":true,"href":"https:\/\/dev.dignitas.bertastrasse1.ch\/fr\/wp-json\/wp\/v2\/tags?post=6319"}],"curies":[{"name":"wp","href":"https:\/\/api.w.org\/{rel}","templated":true}]}}