{"id":6325,"date":"2016-08-31T15:53:36","date_gmt":"2016-08-31T13:53:36","guid":{"rendered":"https:\/\/dev.dignitas.bertastrasse1.ch\/news\/helene-l-je-ne-savais-pas-quil-serait-aussi-difficile-davoir-le-droit-de-mourir-il-faut-reecrire-les-lois-quebecoise-et-federale-en-canada\/"},"modified":"2016-08-31T15:53:36","modified_gmt":"2016-08-31T13:53:36","slug":"helene-l-je-ne-savais-pas-quil-serait-aussi-difficile-davoir-le-droit-de-mourir-il-faut-reecrire-les-lois-quebecoise-et-federale-en-canada","status":"publish","type":"news","link":"https:\/\/dev.dignitas.bertastrasse1.ch\/fr\/news\/helene-l-je-ne-savais-pas-quil-serait-aussi-difficile-davoir-le-droit-de-mourir-il-faut-reecrire-les-lois-quebecoise-et-federale-en-canada\/","title":{"rendered":"H\u00e9l\u00e8ne L.: \u00abJe ne savais pas qu\u2019il serait aussi difficile d\u2019avoir le droit de mourir\u00bb. Il faut r\u00e9\u00e9crire les lois qu\u00e9b\u00e9coise et f\u00e9d\u00e9rale en Canada"},"content":{"rendered":"<p style=\"text-align: justify\">H\u00e9l\u00e8ne L.: \u00abJe ne savais pas qu\u2019il serait aussi difficile d\u2019avoir le droit de mourir\u00bb. Il faut r\u00e9\u00e9crire les lois qu\u00e9b\u00e9coise et f\u00e9d\u00e9rale en Canada<\/p>\n<p style=\"text-align: left\"><a href=\"http:\/\/plus.lapresse.ca\/screens\/5f03380d-5fc6-4743-9187-787e12e26e65|_0.html\" target=\"_blank\"><strong>Article par Dr. Pierre Viens<\/strong> (PDF)<\/a><\/p>\n","protected":false},"excerpt":{"rendered":"<p>H\u00e9l\u00e8ne L.: \u00abJe ne savais pas qu\u2019il serait aussi difficile d\u2019avoir le droit de mourir\u00bb. Il faut r\u00e9\u00e9crire les lois qu\u00e9b\u00e9coise et f\u00e9d\u00e9rale en Canada Article par Dr. Pierre Viens (PDF)<\/p>\n","protected":false},"featured_media":0,"template":"","tags":[],"class_list":["post-6325","news","type-news","status-publish","hentry"],"acf":[],"_links":{"self":[{"href":"https:\/\/dev.dignitas.bertastrasse1.ch\/fr\/wp-json\/wp\/v2\/news\/6325","targetHints":{"allow":["GET"]}}],"collection":[{"href":"https:\/\/dev.dignitas.bertastrasse1.ch\/fr\/wp-json\/wp\/v2\/news"}],"about":[{"href":"https:\/\/dev.dignitas.bertastrasse1.ch\/fr\/wp-json\/wp\/v2\/types\/news"}],"wp:attachment":[{"href":"https:\/\/dev.dignitas.bertastrasse1.ch\/fr\/wp-json\/wp\/v2\/media?parent=6325"}],"wp:term":[{"taxonomy":"post_tag","embeddable":true,"href":"https:\/\/dev.dignitas.bertastrasse1.ch\/fr\/wp-json\/wp\/v2\/tags?post=6325"}],"curies":[{"name":"wp","href":"https:\/\/api.w.org\/{rel}","templated":true}]}}