{"id":6326,"date":"2015-09-12T15:53:36","date_gmt":"2015-09-12T13:53:36","guid":{"rendered":"https:\/\/dev.dignitas.bertastrasse1.ch\/news\/en-suisse-les-soins-palliatifs-la-prevention-des-tentatives-au-suicide-les-dir-ectives-anticipees-et-la-possibilite-dun-suicide-accompagnee-vont-ensemble\/"},"modified":"2015-09-12T15:53:36","modified_gmt":"2015-09-12T13:53:36","slug":"en-suisse-les-soins-palliatifs-la-prevention-des-tentatives-au-suicide-les-dir-ectives-anticipees-et-la-possibilite-dun-suicide-accompagnee-vont-ensemble","status":"publish","type":"news","link":"https:\/\/dev.dignitas.bertastrasse1.ch\/fr\/news\/en-suisse-les-soins-palliatifs-la-prevention-des-tentatives-au-suicide-les-dir-ectives-anticipees-et-la-possibilite-dun-suicide-accompagnee-vont-ensemble\/","title":{"rendered":"\u00abEn Suisse, les soins palliatifs, la pr\u00e9vention des tentatives au suicide, les dir-\r\nectives anticip\u00e9es et la possibilit\u00e9 d\u2019un suicide accompagn\u00e9e vont ensemble\u00bb"},"content":{"rendered":"<p style=\"text-align: left\"><a href=\"https:\/\/dev.dignitas.bertastrasse1.ch\/images\/stories\/pdf\/diginpublic\/referat-35assembleadmd-12092015.pdf\" target=\"_blank\"><strong>\u00abEn Suisse, les soins palliatifs, la pr\u00e9vention des tentatives au suicide, les dir-<br \/>ectives anticip\u00e9es et la possibilit\u00e9 d\u2019un suicide accompagn\u00e9e vont ensemble\u00bb<\/strong><\/a><\/p>\n<p style=\"text-align: left\">Discours de Sandra Martino \u00e0 la 35\u00e8me assembl\u00e9e g\u00e9n\u00e9rale de l\u2019ADMD France (PDF)<\/p>\n","protected":false},"excerpt":{"rendered":"<p>\u00abEn Suisse, les soins palliatifs, la pr\u00e9vention des tentatives au suicide, les dir-ectives anticip\u00e9es et la possibilit\u00e9 d\u2019un suicide accompagn\u00e9e vont ensemble\u00bb Discours de Sandra Martino \u00e0 la 35\u00e8me assembl\u00e9e g\u00e9n\u00e9rale de l\u2019ADMD France (PDF)<\/p>\n","protected":false},"featured_media":0,"template":"","tags":[],"class_list":["post-6326","news","type-news","status-publish","hentry"],"acf":[],"_links":{"self":[{"href":"https:\/\/dev.dignitas.bertastrasse1.ch\/fr\/wp-json\/wp\/v2\/news\/6326","targetHints":{"allow":["GET"]}}],"collection":[{"href":"https:\/\/dev.dignitas.bertastrasse1.ch\/fr\/wp-json\/wp\/v2\/news"}],"about":[{"href":"https:\/\/dev.dignitas.bertastrasse1.ch\/fr\/wp-json\/wp\/v2\/types\/news"}],"wp:attachment":[{"href":"https:\/\/dev.dignitas.bertastrasse1.ch\/fr\/wp-json\/wp\/v2\/media?parent=6326"}],"wp:term":[{"taxonomy":"post_tag","embeddable":true,"href":"https:\/\/dev.dignitas.bertastrasse1.ch\/fr\/wp-json\/wp\/v2\/tags?post=6326"}],"curies":[{"name":"wp","href":"https:\/\/api.w.org\/{rel}","templated":true}]}}