{"id":6329,"date":"2014-09-13T15:53:36","date_gmt":"2014-09-13T13:53:36","guid":{"rendered":"https:\/\/dev.dignitas.bertastrasse1.ch\/news\/le-droit-dune-personne-de-determiner-la-maniere-et-le-moment-de-mettre-un-terme-a-sa-vie-a-un-effet-preventif-aux-tentatives-de-suicide\/"},"modified":"2014-09-13T15:53:36","modified_gmt":"2014-09-13T13:53:36","slug":"le-droit-dune-personne-de-determiner-la-maniere-et-le-moment-de-mettre-un-terme-a-sa-vie-a-un-effet-preventif-aux-tentatives-de-suicide","status":"publish","type":"news","link":"https:\/\/dev.dignitas.bertastrasse1.ch\/fr\/news\/le-droit-dune-personne-de-determiner-la-maniere-et-le-moment-de-mettre-un-terme-a-sa-vie-a-un-effet-preventif-aux-tentatives-de-suicide\/","title":{"rendered":"\u00abLe  droit d\u2019une personne de d\u00e9terminer la mani\u00e8re et le moment de  mettre  un terme \u00e0 sa vie a un effet pr\u00e9ventif aux tentatives de suicide\u00bb"},"content":{"rendered":"<p style=\"text-align: left\"><a href=\"https:\/\/dev.dignitas.bertastrasse1.ch\/images\/stories\/pdf\/diginpublic\/referat-34assembleadmd-13092014.pdf\" target=\"_blank\"><strong>\u00abLe  droit d\u2019une personne de d\u00e9terminer la mani\u00e8re et le moment de  mettre  un terme \u00e0 sa vie a un effet pr\u00e9ventif aux tentatives de suicide\u00bb<\/strong><\/a><\/p>\n<p style=\"text-align: left\">Discours de Sandra Martino \u00e0 la 34\u00e8me assembl\u00e9e g\u00e9n\u00e9rale de l\u2019ADMD France (PDF)<\/p>\n","protected":false},"excerpt":{"rendered":"<p>\u00abLe droit d\u2019une personne de d\u00e9terminer la mani\u00e8re et le moment de mettre un terme \u00e0 sa vie a un effet pr\u00e9ventif aux tentatives de suicide\u00bb Discours de Sandra Martino \u00e0 la 34\u00e8me assembl\u00e9e g\u00e9n\u00e9rale de l\u2019ADMD France (PDF)<\/p>\n","protected":false},"featured_media":0,"template":"","tags":[],"class_list":["post-6329","news","type-news","status-publish","hentry"],"acf":[],"_links":{"self":[{"href":"https:\/\/dev.dignitas.bertastrasse1.ch\/fr\/wp-json\/wp\/v2\/news\/6329","targetHints":{"allow":["GET"]}}],"collection":[{"href":"https:\/\/dev.dignitas.bertastrasse1.ch\/fr\/wp-json\/wp\/v2\/news"}],"about":[{"href":"https:\/\/dev.dignitas.bertastrasse1.ch\/fr\/wp-json\/wp\/v2\/types\/news"}],"wp:attachment":[{"href":"https:\/\/dev.dignitas.bertastrasse1.ch\/fr\/wp-json\/wp\/v2\/media?parent=6329"}],"wp:term":[{"taxonomy":"post_tag","embeddable":true,"href":"https:\/\/dev.dignitas.bertastrasse1.ch\/fr\/wp-json\/wp\/v2\/tags?post=6329"}],"curies":[{"name":"wp","href":"https:\/\/api.w.org\/{rel}","templated":true}]}}