{"id":6331,"date":"2013-06-26T15:53:36","date_gmt":"2013-06-26T13:53:36","guid":{"rendered":"https:\/\/dev.dignitas.bertastrasse1.ch\/news\/la-population-europeenne-demande-le-droit-a-lautodetermination-en-fin-de-vie\/"},"modified":"2013-06-26T15:53:36","modified_gmt":"2013-06-26T13:53:36","slug":"la-population-europeenne-demande-le-droit-a-lautodetermination-en-fin-de-vie","status":"publish","type":"news","link":"https:\/\/dev.dignitas.bertastrasse1.ch\/fr\/news\/la-population-europeenne-demande-le-droit-a-lautodetermination-en-fin-de-vie\/","title":{"rendered":"\u00abLa population europ\u00e9enne demande \r\nle droit \u00e0 l\u2019autod\u00e9termination en fin de vie\u00bb"},"content":{"rendered":"<p style=\"text-align: left\"><a href=\"http:\/\/www.saez.ch\/docs\/saez\/2013\/26\/de\/saez-01520.pdf\" target=\"_blank\"><strong>\u00abLa population europ\u00e9enne demande <br \/>le droit \u00e0 l\u2019autod\u00e9termination en fin de vie\u00bb<\/strong><\/a><\/p>\n<p style=\"text-align: left\">Article (r\u00e9sum\u00e9) dans le Bulletin des m\u00e9decins suisse 2013;26 (liens\/pdf)<\/p>\n","protected":false},"excerpt":{"rendered":"<p>\u00abLa population europ\u00e9enne demande le droit \u00e0 l\u2019autod\u00e9termination en fin de vie\u00bb Article (r\u00e9sum\u00e9) dans le Bulletin des m\u00e9decins suisse 2013;26 (liens\/pdf)<\/p>\n","protected":false},"featured_media":0,"template":"","tags":[],"class_list":["post-6331","news","type-news","status-publish","hentry"],"acf":[],"_links":{"self":[{"href":"https:\/\/dev.dignitas.bertastrasse1.ch\/fr\/wp-json\/wp\/v2\/news\/6331","targetHints":{"allow":["GET"]}}],"collection":[{"href":"https:\/\/dev.dignitas.bertastrasse1.ch\/fr\/wp-json\/wp\/v2\/news"}],"about":[{"href":"https:\/\/dev.dignitas.bertastrasse1.ch\/fr\/wp-json\/wp\/v2\/types\/news"}],"wp:attachment":[{"href":"https:\/\/dev.dignitas.bertastrasse1.ch\/fr\/wp-json\/wp\/v2\/media?parent=6331"}],"wp:term":[{"taxonomy":"post_tag","embeddable":true,"href":"https:\/\/dev.dignitas.bertastrasse1.ch\/fr\/wp-json\/wp\/v2\/tags?post=6331"}],"curies":[{"name":"wp","href":"https:\/\/api.w.org\/{rel}","templated":true}]}}