{"id":6332,"date":"2012-11-01T15:53:36","date_gmt":"2012-11-01T14:53:36","guid":{"rendered":"https:\/\/dev.dignitas.bertastrasse1.ch\/news\/la-federation-des-avocats-du-droit-medical-suisse-smla-a-commandee-une-enquete-en-ligne-effectuee-dans-douze-pays-deurope-par-linstitut-de-sondage-suisse-isopublic-sur-lautodet\/"},"modified":"2012-11-01T15:53:36","modified_gmt":"2012-11-01T14:53:36","slug":"la-federation-des-avocats-du-droit-medical-suisse-smla-a-commandee-une-enquete-en-ligne-effectuee-dans-douze-pays-deurope-par-linstitut-de-sondage-suisse-isopublic-sur-lautodet","status":"publish","type":"news","link":"https:\/\/dev.dignitas.bertastrasse1.ch\/fr\/news\/la-federation-des-avocats-du-droit-medical-suisse-smla-a-commandee-une-enquete-en-ligne-effectuee-dans-douze-pays-deurope-par-linstitut-de-sondage-suisse-isopublic-sur-lautodet\/","title":{"rendered":"La F\u00e9d\u00e9ration des Avocats du Droit M\u00e9dical Suisse (SMLA) a command\u00e9e une enqu\u00eate en ligne, effectu\u00e9e dans douze pays d&rsquo;Europe par l\u2019institut de sondage suisse ISOPUBLIC, sur l\u2019autod\u00e9termination en fin de vie vue par les europ\u00e9ens"},"content":{"rendered":"<p style=\"text-align: justify\">La F\u00e9d\u00e9ration des Avocats du Droit M\u00e9dical Suisse (SMLA) a command\u00e9e une enqu\u00eate en ligne, effectu\u00e9e dans douze pays d&rsquo;Europe par l\u2019institut de sondage suisse ISOPUBLIC, sur l\u2019autod\u00e9termination en fin de vie vue par les europ\u00e9ens<\/p>\n<p style=\"text-align: left\"><a href=\"http:\/\/www.medizinalrecht.org\/index.php?id=16\" target=\"_blank\"><strong>Site internet de SMLA<\/strong><\/a><\/p>\n<p style=\"text-align: left\"><a href=\"http:\/\/www.medizinalrecht.org\/wp-content\/uploads\/2013\/03\/Resultats_de_sondages_autodetermination_a_la_fin_de_vie.pdf\" target=\"_blank\"><strong>R\u00e9sultats de sondage<\/strong> (PDF)<\/a><\/p>\n","protected":false},"excerpt":{"rendered":"<p>La F\u00e9d\u00e9ration des Avocats du Droit M\u00e9dical Suisse (SMLA) a command\u00e9e une enqu\u00eate en ligne, effectu\u00e9e dans douze pays d&rsquo;Europe par l\u2019institut de sondage suisse ISOPUBLIC, sur l\u2019autod\u00e9termination en fin de vie vue par les europ\u00e9ens Site internet de SMLA R\u00e9sultats de sondage (PDF)<\/p>\n","protected":false},"featured_media":0,"template":"","tags":[],"class_list":["post-6332","news","type-news","status-publish","hentry"],"acf":[],"_links":{"self":[{"href":"https:\/\/dev.dignitas.bertastrasse1.ch\/fr\/wp-json\/wp\/v2\/news\/6332","targetHints":{"allow":["GET"]}}],"collection":[{"href":"https:\/\/dev.dignitas.bertastrasse1.ch\/fr\/wp-json\/wp\/v2\/news"}],"about":[{"href":"https:\/\/dev.dignitas.bertastrasse1.ch\/fr\/wp-json\/wp\/v2\/types\/news"}],"wp:attachment":[{"href":"https:\/\/dev.dignitas.bertastrasse1.ch\/fr\/wp-json\/wp\/v2\/media?parent=6332"}],"wp:term":[{"taxonomy":"post_tag","embeddable":true,"href":"https:\/\/dev.dignitas.bertastrasse1.ch\/fr\/wp-json\/wp\/v2\/tags?post=6332"}],"curies":[{"name":"wp","href":"https:\/\/api.w.org\/{rel}","templated":true}]}}