{"id":6333,"date":"2011-12-12T15:53:36","date_gmt":"2011-12-12T14:53:36","guid":{"rendered":"https:\/\/dev.dignitas.bertastrasse1.ch\/news\/le-reportage-dignitas-la-mort-sur-ordonnance-par-tsr-television-suisse-romand-magazine-de-reportages-temps-present-sur-lassistance-au-suicide-et-dignitas-a-obtenu-un\/"},"modified":"2011-12-12T15:53:36","modified_gmt":"2011-12-12T14:53:36","slug":"le-reportage-dignitas-la-mort-sur-ordonnance-par-tsr-television-suisse-romand-magazine-de-reportages-temps-present-sur-lassistance-au-suicide-et-dignitas-a-obtenu-un","status":"publish","type":"news","link":"https:\/\/dev.dignitas.bertastrasse1.ch\/fr\/news\/le-reportage-dignitas-la-mort-sur-ordonnance-par-tsr-television-suisse-romand-magazine-de-reportages-temps-present-sur-lassistance-au-suicide-et-dignitas-a-obtenu-un\/","title":{"rendered":"Le reportage \u00abDignitas \u2013 la mort sur ordonnance\u00bb par TSR T\u00e9l\u00e9vision Suisse Romand, magazine de reportages Temps Pr\u00e9sent, sur l\u2019assistance au suicide et Dignitas, a obtenu un Prix international (cat\u00e9gorie documentaire) au Festival Europ\u00e9en du Journalisme \u00e0 Lille www.festivalscoop.com liens \u00abPalmar\u00e8s\u00bb"},"content":{"rendered":"<p style=\"text-align: justify\">Le reportage \u00abDignitas \u2013 la mort sur ordonnance\u00bb par TSR T\u00e9l\u00e9vision Suisse Romand, magazine de reportages Temps Pr\u00e9sent, sur l\u2019assistance au suicide et Dignitas, a obtenu un Prix international (cat\u00e9gorie documentaire) au Festival Europ\u00e9en du Journalisme \u00e0 Lille <a href=\"http:\/\/www.festivalscoop.com\/\" target=\"_blank\" title=\"blocked::http:\/\/www.festivalscoop.com\/\">www.festivalscoop.com<\/a> liens \u00abPalmar\u00e8s\u00bb<\/p>\n<p style=\"text-align: left\"><a href=\"http:\/\/www.rts.ch\/emissions\/temps-present\/sante\/2867405-dignitas-la-mort-sur-ordonnance.html\" target=\"_blank\"><strong>Liens au portal du vid\u00e9o de TSR<\/strong><\/a><\/p>\n","protected":false},"excerpt":{"rendered":"<p>Le reportage \u00abDignitas \u2013 la mort sur ordonnance\u00bb par TSR T\u00e9l\u00e9vision Suisse Romand, magazine de reportages Temps Pr\u00e9sent, sur l\u2019assistance au suicide et Dignitas, a obtenu un Prix international (cat\u00e9gorie documentaire) au Festival Europ\u00e9en du Journalisme \u00e0 Lille www.festivalscoop.com liens \u00abPalmar\u00e8s\u00bb Liens au portal du vid\u00e9o de TSR<\/p>\n","protected":false},"featured_media":0,"template":"","tags":[],"class_list":["post-6333","news","type-news","status-publish","hentry"],"acf":[],"_links":{"self":[{"href":"https:\/\/dev.dignitas.bertastrasse1.ch\/fr\/wp-json\/wp\/v2\/news\/6333","targetHints":{"allow":["GET"]}}],"collection":[{"href":"https:\/\/dev.dignitas.bertastrasse1.ch\/fr\/wp-json\/wp\/v2\/news"}],"about":[{"href":"https:\/\/dev.dignitas.bertastrasse1.ch\/fr\/wp-json\/wp\/v2\/types\/news"}],"wp:attachment":[{"href":"https:\/\/dev.dignitas.bertastrasse1.ch\/fr\/wp-json\/wp\/v2\/media?parent=6333"}],"wp:term":[{"taxonomy":"post_tag","embeddable":true,"href":"https:\/\/dev.dignitas.bertastrasse1.ch\/fr\/wp-json\/wp\/v2\/tags?post=6333"}],"curies":[{"name":"wp","href":"https:\/\/api.w.org\/{rel}","templated":true}]}}