{"id":6334,"date":"2011-05-16T15:53:36","date_gmt":"2011-05-16T13:53:36","guid":{"rendered":"https:\/\/dev.dignitas.bertastrasse1.ch\/news\/au-nom-de-toutes-les-personnes-qui-ont-et-auront-besoin-dune-assistance-pour-mettre-fin-a-leur-vie-lassociation-dignitas-vivre-dignement-mourir-dignement\/"},"modified":"2011-05-16T15:53:36","modified_gmt":"2011-05-16T13:53:36","slug":"au-nom-de-toutes-les-personnes-qui-ont-et-auront-besoin-dune-assistance-pour-mettre-fin-a-leur-vie-lassociation-dignitas-vivre-dignement-mourir-dignement","status":"publish","type":"news","link":"https:\/\/dev.dignitas.bertastrasse1.ch\/fr\/news\/au-nom-de-toutes-les-personnes-qui-ont-et-auront-besoin-dune-assistance-pour-mettre-fin-a-leur-vie-lassociation-dignitas-vivre-dignement-mourir-dignement\/","title":{"rendered":"Au nom de toutes les personnes qui ont et auront besoin d\u2019une assistance pour mettre fin \u00e0 leur vie, l\u2019association \u00abDignitas \u2013 Vivre dignement \u2013 Mourir dignement\u00bb remercie les Zurichoises et Zurichois de leur attitude lib\u00e9rale face \u00e0 la question du suicide assist\u00e9. En effet, les r\u00e9sultats de la votation du 15 mai 2011 sur les deux initiatives \u00e0 ce sujet sont sans \u00e9quivoque. En m\u00eame temps, Dignitas invite les autorit\u00e9s f\u00e9d\u00e9rales et cantonales \u00e0 se pr\u00e9occuper enfin de prot\u00e9ger la vie humaine dans les situations o\u00f9 celle-ci est parti- culi\u00e8rement en danger."},"content":{"rendered":"<p style=\"text-align: justify\">Au nom de toutes les personnes qui ont et auront besoin d\u2019une assistance pour mettre fin \u00e0 leur vie, l\u2019association \u00abDignitas \u2013 Vivre dignement \u2013 Mourir dignement\u00bb remercie les Zurichoises et Zurichois de leur attitude lib\u00e9rale face \u00e0 la question du suicide assist\u00e9. En effet, les r\u00e9sultats de la votation du 15 mai 2011 sur les deux initiatives \u00e0 ce sujet sont sans \u00e9quivoque. En m\u00eame temps, Dignitas invite les autorit\u00e9s f\u00e9d\u00e9rales et cantonales \u00e0 se pr\u00e9occuper enfin de prot\u00e9ger la vie humaine dans les situations o\u00f9 celle-ci est parti- culi\u00e8rement en danger.<\/p>\n<p style=\"text-align: justify\">En 2002 d\u00e9j\u00e0, le Conseil f\u00e9d\u00e9ral a d\u00e9clar\u00e9 que les tentatives de suicide en Suisse pouvaient atteindre le chiffre de 67&rsquo;000 [note bas de page 1] par an (ce qui correspond \u00e0 la population d\u2019une ville comme Lucerne ou St-Gall ou au tiers de la population du canton de B\u00e2le-Ville !). Le nombre des tentatives de suicide est environ cinquante fois sup\u00e9rieur \u00e0 celui des suicides constat\u00e9s. Malgr\u00e9 un postulat [note bas de page 2] d\u00e9pos\u00e9 en juin 2002 par le Conseiller national Hans Widmer (SP, LU), le Conseil f\u00e9d\u00e9ral n\u2019a jusqu\u2019\u00e0 pr\u00e9sent rien fait pour mettre en place une pr\u00e9vention efficace des tentatives de suicide. En revanche, depuis 2002, le Conseil f\u00e9d\u00e9ral et de nombreux m\u00e9dias ne se sont pas priv\u00e9s de d\u00e9former les faits et d\u2019adopter sur la question des suicides justifi\u00e9s, soigneuse- ment accompagn\u00e9s par des organisations sp\u00e9cialis\u00e9es, une attitude souvent partiale, au m\u00e9pris de l\u2019opinion d\u2019une large majorit\u00e9 de la population.<\/p>\n<p style=\"text-align: justify\">Dignitas estime qu\u2019il est urgent de compl\u00e9ter les efforts entrepris jusqu\u2019ici pour \u00e9viter les suicides irr\u00e9fl\u00e9chis (pr\u00e9vention du suicide) par une politique sp\u00e9cialement con\u00e7ue pour \u00e9viter les tentatives de suicide (pr\u00e9vention des tentatives de suicide).<\/p>\n<p style=\"text-align: justify\">[1] R\u00e9ponse du Conseil f\u00e9d\u00e9ral du 9 janvier 2002 \u00e0 la question ordinaire d\u2019Andreas Gross concernant les suicides et les tentatives de suicide; <a href=\"http:\/\/www.parlament.ch\/f\/suche\/pages\/geschaefte.aspx?gesch_id=20011105\" target=\"_blank\">http:\/\/www.parlament.ch\/f\/ suche\/pages\/geschaefte.aspx?gesch_id=20011105<\/a><\/p>\n<p style=\"text-align: justify\">[2] Postulat Widmer du 13 juin 2002 concernant la pr\u00e9vention du suicide; <a href=\"http:\/\/www.parlament.ch\/f\/suche\/pages\/geschaefte.aspx?gesch_id=20023251\" target=\"_blank\">http:\/\/www.parla ment.ch\/f\/suche\/pages\/geschaefte.aspx?gesch_id=20023251<\/a><\/p>\n<p style=\"text-align: left\">\n<p style=\"text-align: left\"><a href=\"https:\/\/dev.dignitas.bertastrasse1.ch\/images\/stories\/pdf\/diginpublic\/abstimmungsresultate-15052011.pdf\" target=\"_blank\"><strong>R\u00e9sultats des votationes selon l&rsquo;Office de la statistique du Canton du Z\u00fcrich<\/strong> (PDF)<\/a><\/p>\n<p style=\"text-align: left\">\n<p style=\"text-align: left\">Un vue sur le m\u00e9dia (liens) :<\/p>\n<p style=\"text-align: left\"><a href=\"http:\/\/www.tsr.ch\/info\/monde\/3143368-les-zurichois-refusent-de-limiter-l-aide-au-suicide.html\" target=\"_blank\"><strong>tsr info.ch: Les Zurichois refusent de limiter l&rsquo;aide au suicide<\/strong><\/a><\/p>\n<p style=\"text-align: left\"><a href=\"http:\/\/www.2424actu.fr\/actualite-internationale\/les-zurichois-maintiennent-l-aide-au-suicide-2568262\/#read-2568839\" target=\"_blank\"><strong>24actu: l&rsquo;aide au suicide confort\u00e9e dans le canton de Zurich<\/strong><\/a><\/p>\n<p style=\"text-align: left\"><a href=\"http:\/\/fr.rian.ru\/world\/20110516\/189493468.html\" target=\"_blank\"><strong>RIANOVOSTI: Zurich valide le \u00ab\u00a0tourisme de la mort\u00a0\u00bb<\/strong><\/a><\/p>\n<p style=\"text-align: left\"><a href=\"http:\/\/www.nzz.ch\/nachrichten\/zuerich\/stadt_und_region\/absage_an_die_moralisten_1.10589886.html\" target=\"_blank\"><strong>Neue Z\u00fcrcher Zeitung: Absage an die Moralisten<\/strong><\/a><\/p>\n<p style=\"text-align: left\"><a href=\"http:\/\/www.videoportal.sf.tv\/video?id=73cff597-cc51-425d-bd6d-391b3c6c58ec\" target=\"_blank\"><strong>Schweizer Fernsehen DRS, Schweiz aktuell<\/strong><\/a> (\u00e0 partir du 8i\u00e8me minute du reportage)<\/p>\n<p style=\"text-align: left\"><a href=\"http:\/\/www.tagesanzeiger.ch\/zuerich\/region\/Die-Sektenbrueder-wurden-weggefegt\/story\/21197752\" target=\"_blank\"><strong>Tages Anzeiger: \u00abDie Sektenbr\u00fcder wurden weggefegt\u00bb<\/strong><\/a><\/p>\n<p style=\"text-align: left\"><a href=\"http:\/\/www.aerztezeitung.de\/extras\/druckansicht\/?sid=654646&amp;pid=662189\" target=\"_blank\"><strong>\u00c4rzte Zeitung: B\u00fcrger in Z\u00fcrich lehnen Stopp der Sterbehilfe ab<\/strong><\/a><\/p>\n<p style=\"text-align: left\"><a href=\"http:\/\/www.oecumene.radiovaticana.org\/ted\/articolo.asp?c=487813\" target=\"_blank\"><strong>Radio Vatikan: Kardinal kritisiert Sterbehilfe-Entscheidung<\/strong><\/a><\/p>\n<p style=\"text-align: left\"><a href=\"http:\/\/www.zol.ch\/ueberregional\/kanton-zuerich\/Deutliche-Abfuhr-fuer-SterbehilfeInitiativen\/story\/21581442\" target=\"_blank\"><strong>Z\u00fcrcher Oberl\u00e4nder: Deutliche Abfuhr f\u00fcr Sterbehilfe-Initiativen<\/strong><\/a><\/p>\n<p style=\"text-align: left\"><a href=\"http:\/\/www.frei-denken.ch\/de\/2011\/05\/klares-bekenntnis-zur-sterbehilfe-muss-vorgabe-fur-ejpd-sein\/\" target=\"_blank\"><strong>frei denken: Klares Bekenntnis zur Sterbehilfe muss Vorgabe f\u00fcr EJPD sein<\/strong><\/a><\/p>\n<p style=\"text-align: left\"><a href=\"http:\/\/www.blick.ch\/news\/schweiz\/weiterhin-sterbehilfe-im-kanton-zuerich-112630\" target=\"_blank\"><strong>Blick: Weiterhin Sterbehilfe im Kanton Z\u00fcrich<\/strong><\/a><\/p>\n<p style=\"text-align: left\"><a href=\"http:\/\/www.tagesschau.sf.tv\/Nachrichten\/Archiv\/2011\/05\/15\/Schweiz\/Abstimmungen-15.-Mai\/Dignitas-Gruender-erfreut-ueber-Zustimmung-zur-Sterbehilfe\" target=\"_blank\"><strong>Schweizer Fernsehen DRS, Tagesschau: Interview mit Ludwig A. Minelli<\/strong><\/a><\/p>\n<p style=\"text-align: left\"><a href=\"http:\/\/www.tagesspiegel.de\/politik\/abstimmung-ueber-sterbehilfe-in-der-schweiz\/4174536.html\" target=\"_blank\"><strong>Der Tagesspiegel: Abstimmung \u00fcber Sterbehilfe in der Schweiz<\/strong><\/a><\/p>\n<p style=\"text-align: left\"><a href=\"http:\/\/vedicviews-worldnews.blogspot.com\/2011\/05\/swiss-say-no-to-euthanasia-restrictions.html\" target=\"_blank\"><strong>Vedic Views on World News: Swiss say no to euthanasia restrictions<\/strong><\/a><\/p>\n<p style=\"text-align: left\"><a href=\"http:\/\/www.nzz.ch\/nachrichten\/zuerich\/stadt_und_region\/souveraen_stuetzt_suizidhilfe-praxis_1.10587927.html\" target=\"_blank\"><strong>Neue Z\u00fcrcher Zeitung: Klares Signal nach Bern<\/strong><\/a><\/p>\n<p style=\"text-align: left\"><a href=\"http:\/\/www.frei-denken.ch\/de\/2011\/04\/stopp-dem-religiosen-fundamentalismus-2x-nein-zum-verbot-der-sterbehilfe\/\" target=\"_blank\"><strong>Freidenker-Vereinigung der Schweiz: Stopp dem religi\u00f6sen Fundamentalismus<\/strong><\/a><\/p>\n<p style=\"text-align: left\"><a href=\"http:\/\/www.videoportal.sf.tv\/video?id=1566d10b-9cff-44d3-ac25-96aacde82a5b;DCSext.zugang=videoportal_sendungsuebersicht\" target=\"_blank\"><strong>Schweizer Fernsehen DRS: Ein Signal nach Bundesbern<\/strong><\/a><\/p>\n","protected":false},"excerpt":{"rendered":"<p>Au nom de toutes les personnes qui ont et auront besoin d\u2019une assistance pour mettre fin \u00e0 leur vie, l\u2019association \u00abDignitas \u2013 Vivre dignement \u2013 Mourir dignement\u00bb remercie les Zurichoises et Zurichois de leur attitude lib\u00e9rale face \u00e0 la question du suicide assist\u00e9. En effet, les r\u00e9sultats de la votation du 15 mai 2011 sur [&hellip;]<\/p>\n","protected":false},"featured_media":0,"template":"","tags":[],"class_list":["post-6334","news","type-news","status-publish","hentry"],"acf":[],"_links":{"self":[{"href":"https:\/\/dev.dignitas.bertastrasse1.ch\/fr\/wp-json\/wp\/v2\/news\/6334","targetHints":{"allow":["GET"]}}],"collection":[{"href":"https:\/\/dev.dignitas.bertastrasse1.ch\/fr\/wp-json\/wp\/v2\/news"}],"about":[{"href":"https:\/\/dev.dignitas.bertastrasse1.ch\/fr\/wp-json\/wp\/v2\/types\/news"}],"wp:attachment":[{"href":"https:\/\/dev.dignitas.bertastrasse1.ch\/fr\/wp-json\/wp\/v2\/media?parent=6334"}],"wp:term":[{"taxonomy":"post_tag","embeddable":true,"href":"https:\/\/dev.dignitas.bertastrasse1.ch\/fr\/wp-json\/wp\/v2\/tags?post=6334"}],"curies":[{"name":"wp","href":"https:\/\/api.w.org\/{rel}","templated":true}]}}